{"id":1923,"date":"2018-09-05T20:19:08","date_gmt":"2018-09-05T20:19:08","guid":{"rendered":"http:\/\/cezartridapalli.com.br\/?p=1923"},"modified":"2023-02-19T02:31:00","modified_gmt":"2023-02-19T02:31:00","slug":"conto-mimosa-pudica-e-objeto-de-artigo-academico","status":"publish","type":"post","link":"https:\/\/cezartridapalli.com.br\/?p=1923","title":{"rendered":"Conto &#8220;Mimosa pudica&#8221; \u00e9 objeto de artigo acad\u00eamico"},"content":{"rendered":"<div class=\"figure aligncenter\" style=\"width:418px;\"><a href=\"https:\/\/cezartridapalli.com.br\/?attachment_id=1925\" target=\"_blank\" rel=\"attachment wp-att-1925 noopener noreferrer\"><img decoding=\"async\" loading=\"lazy\" class=\"Double face - Pierre Dalmas - \u00d3leo sobre madeira\" title=\"Double face - Pierre Dalmas - \u00d3leo sobre madeira\" src=\"https:\/\/cezartridapalli.com.br\/wp-content\/uploads\/2018\/09\/Le-double.jpg\" alt=\"\" width=\"418\" height=\"311\" \/><\/a><div>Double face &#8211; Pierre Dalmas &#8211; \u00d3leo sobre madeira<\/div><\/div>\n<p>A mestranda pela UCS (Universidade de Caxias do Sul) Natalia Susin Cechinato,\u00a0em parceria com seu orientador, o professor doutor Jo\u00e3o Claudio Arendt, publicou na <span style=\"color: #000080;\"><a style=\"color: #000080;\" href=\"http:\/\/periodicos2.uesb.br\/index.php\/folio\/index\">&#8220;F\u00f3lio &#8211;\u00a0Revista de Letras&#8221;<\/a><\/span>, da UESB (Universidade Estadual do Sudoeste da Bahia), artigo acad\u00eamico intitulado <span style=\"color: #000080;\"><a style=\"color: #000080;\" href=\"http:\/\/periodicos2.uesb.br\/index.php\/folio\/article\/view\/3636\/3422\">&#8220;O monstro de ser quem se \u00e9: o duplo no conto &#8216;Mimosa pudica&#8217;, de Cezar Tridapalli<\/a><\/span>.<\/p>\n<p>O conto, publicado na colet\u00e2nea\u00a0<em>48 contos paranaenses<\/em>, organizada pelo escritor Luiz Ruffato e lan\u00e7ado pela Biblioteca P\u00fablica do Paran\u00e1 em 2014, tamb\u00e9m pode ser encontrado na <span style=\"color: #000080;\"><a style=\"color: #000080;\" href=\"https:\/\/www.arteeletra.com.br\/product-page\/arte-e-letra-est%C3%B3rias-v\">edi\u00e7\u00e3o V da Revista Arte&amp;Letra: est\u00f3rias<\/a><\/span>, bem como na Revista Flaubert (<a href=\"https:\/\/issuu.com\/revistaflaubert\/docs\/flaubert003\/14\"><span style=\"color: #000080;\">vers\u00e3o eletr\u00f4nica aqui<\/span>)<\/a>.<\/p>\n<p data-canvas-width=\"405.015\">\u00a0Os autores do artigo se valem de autores como Jorge Luis Borges, Guimar\u00e3es Rosa, Machado de Assis e Graciliano Ramos, bem como dos te\u00f3ricos Otto Rank e Cl\u00e9ment Rosset, entre outros, para investigar o tema do duplo presente em &#8220;Mimosa pudica&#8221;.<\/p>\n<p>Confira um trecho:<\/p>\n<p><em>De acordo com Rank (1939, p. 14), \u201co passado de um indiv\u00edduo est\u00e1 ligado t\u00e3o intimamente \u00e0 sua exist\u00eancia, que se tornar\u00e1 desgra\u00e7ado tentar desligar-se dele\u201d. \u00c9 em raz\u00e3o disso, talvez, que o protagonista mostra-se incapaz de se orgulhar do passado, ou esperar por algo bom do seu futuro. Ainda com base no excerto do conto anteriormente transcrito, constatamos que o homem parece representar algu\u00e9m que acredita que um passado obscuro pode condenar o futuro. Por outro lado, do ponto de vista da segunda representa\u00e7\u00e3o do duplo no conto, existe a possibilidade de o protagonista representar algu\u00e9m que n\u00e3o ama a si mesmo e, por isso, torna-se inapto para expressar o seu afeto \u00e0 mulher.<\/em><\/p>\n<p data-canvas-width=\"535.4496000000001\"><em>Essas duas perspectivas do duplo presentes no conto trazem \u00e0 tona a insatisfa\u00e7\u00e3o da personagem consigo mesma e com Ana, a mulher a quem devota o seu amor desde a juventude:<\/em><\/p>\n<p data-canvas-width=\"535.4496000000001\"><em>&#8220;Minhas esperan\u00e7as eram burras. Eu queria que minhas m\u00e3os \u00e1speras alisassem o comportamento \u00e1spero de Ana. Asperezas com asperezas fazem nascer o improv\u00e1vel, eu pensava: lixa na parede arisca origina lisuras insuspeitadas (a lixa se desgasta, a parede se alisa). Esse era meu racioc\u00ednio e tamb\u00e9m minha esperan\u00e7a&#8221; (TRIDAPALLI, 2014, p. 76).<\/em><\/p>\n<p style=\"padding-left: 240px;\" data-canvas-width=\"393.675\"><span style=\"color: #ffffff;\">&gt;<\/span><\/p>\n<p data-canvas-width=\"393.675\">Link para o artigo completo:\u00a0<span style=\"color: #000080;\"><a style=\"color: #000080;\" href=\"http:\/\/periodicos2.uesb.br\/index.php\/folio\/article\/view\/3636\/3422\">http:\/\/periodicos2.uesb.br\/index.php\/folio\/article\/view\/3636\/3422<\/a><\/span><\/p>\n<p>&nbsp;<\/p>\n","protected":false},"excerpt":{"rendered":"<p>A mestranda pela UCS (Universidade de Caxias do Sul) Natalia Susin Cechinato,\u00a0em parceria com seu orientador, o professor doutor Jo\u00e3o [&hellip;]<\/p>\n","protected":false},"author":1,"featured_media":1925,"comment_status":"open","ping_status":"open","sticky":false,"template":"","format":"standard","meta":{"_monsterinsights_skip_tracking":false,"_monsterinsights_sitenote_active":false,"_monsterinsights_sitenote_note":"","_monsterinsights_sitenote_category":0},"categories":[61,53],"tags":[],"_links":{"self":[{"href":"https:\/\/cezartridapalli.com.br\/index.php?rest_route=\/wp\/v2\/posts\/1923"}],"collection":[{"href":"https:\/\/cezartridapalli.com.br\/index.php?rest_route=\/wp\/v2\/posts"}],"about":[{"href":"https:\/\/cezartridapalli.com.br\/index.php?rest_route=\/wp\/v2\/types\/post"}],"author":[{"embeddable":true,"href":"https:\/\/cezartridapalli.com.br\/index.php?rest_route=\/wp\/v2\/users\/1"}],"replies":[{"embeddable":true,"href":"https:\/\/cezartridapalli.com.br\/index.php?rest_route=%2Fwp%2Fv2%2Fcomments&post=1923"}],"version-history":[{"count":9,"href":"https:\/\/cezartridapalli.com.br\/index.php?rest_route=\/wp\/v2\/posts\/1923\/revisions"}],"predecessor-version":[{"id":1933,"href":"https:\/\/cezartridapalli.com.br\/index.php?rest_route=\/wp\/v2\/posts\/1923\/revisions\/1933"}],"wp:featuredmedia":[{"embeddable":true,"href":"https:\/\/cezartridapalli.com.br\/index.php?rest_route=\/wp\/v2\/media\/1925"}],"wp:attachment":[{"href":"https:\/\/cezartridapalli.com.br\/index.php?rest_route=%2Fwp%2Fv2%2Fmedia&parent=1923"}],"wp:term":[{"taxonomy":"category","embeddable":true,"href":"https:\/\/cezartridapalli.com.br\/index.php?rest_route=%2Fwp%2Fv2%2Fcategories&post=1923"},{"taxonomy":"post_tag","embeddable":true,"href":"https:\/\/cezartridapalli.com.br\/index.php?rest_route=%2Fwp%2Fv2%2Ftags&post=1923"}],"curies":[{"name":"wp","href":"https:\/\/api.w.org\/{rel}","templated":true}]}}