{"id":2231,"date":"2021-07-07T13:49:58","date_gmt":"2021-07-07T13:49:58","guid":{"rendered":"http:\/\/cezartridapalli.com.br\/?p=2231"},"modified":"2023-02-19T02:09:33","modified_gmt":"2023-02-19T02:09:33","slug":"psicanalise-e-literatura-encontros","status":"publish","type":"post","link":"https:\/\/cezartridapalli.com.br\/?p=2231","title":{"rendered":"Psican\u00e1lise e literatura: encontros"},"content":{"rendered":"<p>Em maio de 2021, Cezar Tridapalli foi o convidado da APC, a Associa\u00e7\u00e3o Psicanal\u00edtica de Curitiba, para falar a respeito de encontros poss\u00edveis entre Psican\u00e1lise e Literatura. Falou bastante de sua&nbsp;trajet\u00f3ria como sujeito que surgiu&nbsp;em um contexto militar e religioso e foi encontrar o do liter\u00e1rio. Em seguida,&nbsp;estabeleceu poss\u00edveis pontos de encontro entre perspectivas da psican\u00e1lise te\u00f3rica e algumas formas de produ\u00e7\u00e3o e recep\u00e7\u00e3o do texto liter\u00e1rio. Psican\u00e1lise e literatura permitem aproxima\u00e7\u00f5es entre si por meio, por exemplo, de aspectos da linguagem e de processos de subjetiva\u00e7\u00e3o, temas ligados a ambos os campos do saber. Conceitos como <em>lalangue<\/em>, experi\u00eancia, cadeia significante se fizeram presentes&nbsp;para tentar descortinar como a trama do discurso liter\u00e1rio \u00e9 capaz de provocar desconcertos e reordena\u00e7\u00f5es no real do corpo e no tecido discursivo do simb\u00f3lico, proporcionando abertura de sentidos para um sujeito preso a significantes convencionados ou alienados \u00e0 linguagem do Outro.<\/p>\n<p>O v\u00eddeo, na \u00edntegra, voc\u00ea confere aqui:<\/p>\n<figure class=\"video_frame\"><iframe loading=\"lazy\" width=\"500\" height=\"281\" src=\"https:\/\/www.youtube.com\/embed\/wnm1wHKW0qM?feature=oembed\" frameborder=\"0\" allow=\"accelerometer; autoplay; clipboard-write; encrypted-media; gyroscope; picture-in-picture\" allowfullscreen><\/iframe><\/figure>\n","protected":false},"excerpt":{"rendered":"<p>Em maio de 2021, Cezar Tridapalli foi o convidado da APC, a Associa\u00e7\u00e3o Psicanal\u00edtica de Curitiba, para falar a respeito [&hellip;]<\/p>\n","protected":false},"author":1,"featured_media":2233,"comment_status":"open","ping_status":"open","sticky":false,"template":"","format":"video","meta":{"_monsterinsights_skip_tracking":false,"_monsterinsights_sitenote_active":false,"_monsterinsights_sitenote_note":"","_monsterinsights_sitenote_category":0},"categories":[53],"tags":[48,33],"_links":{"self":[{"href":"https:\/\/cezartridapalli.com.br\/index.php?rest_route=\/wp\/v2\/posts\/2231"}],"collection":[{"href":"https:\/\/cezartridapalli.com.br\/index.php?rest_route=\/wp\/v2\/posts"}],"about":[{"href":"https:\/\/cezartridapalli.com.br\/index.php?rest_route=\/wp\/v2\/types\/post"}],"author":[{"embeddable":true,"href":"https:\/\/cezartridapalli.com.br\/index.php?rest_route=\/wp\/v2\/users\/1"}],"replies":[{"embeddable":true,"href":"https:\/\/cezartridapalli.com.br\/index.php?rest_route=%2Fwp%2Fv2%2Fcomments&post=2231"}],"version-history":[{"count":2,"href":"https:\/\/cezartridapalli.com.br\/index.php?rest_route=\/wp\/v2\/posts\/2231\/revisions"}],"predecessor-version":[{"id":2610,"href":"https:\/\/cezartridapalli.com.br\/index.php?rest_route=\/wp\/v2\/posts\/2231\/revisions\/2610"}],"wp:featuredmedia":[{"embeddable":true,"href":"https:\/\/cezartridapalli.com.br\/index.php?rest_route=\/wp\/v2\/media\/2233"}],"wp:attachment":[{"href":"https:\/\/cezartridapalli.com.br\/index.php?rest_route=%2Fwp%2Fv2%2Fmedia&parent=2231"}],"wp:term":[{"taxonomy":"category","embeddable":true,"href":"https:\/\/cezartridapalli.com.br\/index.php?rest_route=%2Fwp%2Fv2%2Fcategories&post=2231"},{"taxonomy":"post_tag","embeddable":true,"href":"https:\/\/cezartridapalli.com.br\/index.php?rest_route=%2Fwp%2Fv2%2Ftags&post=2231"}],"curies":[{"name":"wp","href":"https:\/\/api.w.org\/{rel}","templated":true}]}}